{"id":519,"date":"2023-06-07T21:20:50","date_gmt":"2023-06-07T21:20:50","guid":{"rendered":"https:\/\/simmedia.eu\/?p=519"},"modified":"2025-06-05T11:29:17","modified_gmt":"2025-06-05T11:29:17","slug":"festival-sporta-mladih","status":"publish","type":"post","link":"https:\/\/simmedia.eu\/?p=519","title":{"rendered":"Festival \u0161porta mladih&#8217;23"},"content":{"rendered":"\n<p>11. FESTIVAL \u0160PORTA MLADIH, 7. junij 2023, Slovenska Bistrica.<\/p>\n\n\n\n<p><\/p>\n\n\n\n<p>Ob zaklju\u010dku \u0160olskih \u0161portnih tekmovanj in bli\u017eajo\u010dega se konca \u0161olskega leta je po nekaj letih premora ponovno potekal Festival \u0160porta mladih.<\/p>\n\n\n\n<p>Poleg finalnega tekmovanja v atletiki za osnovne \u0161ole se je ta dan Slovenska Bistrica spremenila v pravo \u0161portno mestece netekmovalnega zna\u010daja. Na zelenih povr\u0161inah pred O\u0160 Pohorskega odreda Slovenska Bistrica so bile postavljene \u0161portno \u2013 animacijske to\u010dke, kjer so se otroci lahko preizkusili v \u0161tevilnih \u0161portnih izzivih in do\u017eiveli \u0161port in gibanje v vsej svoji \u0161irini.<\/p>\n\n\n\n<p>Poleg plezalne stene, bazena za vodne \u0161porte (supanje, vo\u017enja s kajaki \u2026), lokostrelstva, slackline poligona so se predstavili tudi prenovljeni program Zlati son\u010dek (za najmlaj\u0161e). Otroci, ki so \u017eeleli se izraziti in pokazati svoja znanja na podro\u010djih izven \u0161porta, so bili izzvani da le-te predstavijo na odru.<\/p>\n\n\n\n<p><strong><em>V \u0161portni dvorani smo poskrbeli za kar tri animacijske to\u010dke. VR koti\u010dek (Multiversum), arkadni ples in novost v na\u0161em podjetju: ravnote\u017ena deska Simboard!<\/em><\/strong><\/p>\n\n\n\n<figure class=\"wp-block-image alignwide size-full\"><img loading=\"lazy\" decoding=\"async\" width=\"2000\" height=\"1496\" src=\"https:\/\/simmedia.eu\/wp-content\/uploads\/2023\/06\/animacije-1.jpg\" alt=\"\" class=\"wp-image-613\" srcset=\"https:\/\/simmedia.eu\/wp-content\/uploads\/2023\/06\/animacije-1.jpg 2000w, https:\/\/simmedia.eu\/wp-content\/uploads\/2023\/06\/animacije-1-300x224.jpg 300w, https:\/\/simmedia.eu\/wp-content\/uploads\/2023\/06\/animacije-1-1024x766.jpg 1024w, https:\/\/simmedia.eu\/wp-content\/uploads\/2023\/06\/animacije-1-768x574.jpg 768w, https:\/\/simmedia.eu\/wp-content\/uploads\/2023\/06\/animacije-1-1536x1149.jpg 1536w, https:\/\/simmedia.eu\/wp-content\/uploads\/2023\/06\/animacije-1-1600x1197.jpg 1600w\" sizes=\"auto, (max-width: 2000px) 100vw, 2000px\" \/><\/figure>\n\n\n\n<figure class=\"wp-block-embed is-type-wp-embed is-provider-port-mladih wp-block-embed-port-mladih\"><div class=\"wp-block-embed__wrapper\">\n<blockquote class=\"wp-embedded-content\" data-secret=\"1Fo1wS1lAJ\"><a href=\"https:\/\/www.sportmladih.net\/11-festival-sporta-mladih\/\">11. FESTIVAL \u0160PORTA MLADIH<\/a><\/blockquote><iframe loading=\"lazy\" class=\"wp-embedded-content\" sandbox=\"allow-scripts\" security=\"restricted\" style=\"position: absolute; clip: rect(1px, 1px, 1px, 1px);\" title=\"&#8220;11. FESTIVAL \u0160PORTA MLADIH&#8221; &#8212; \u0160port mladih\" src=\"https:\/\/www.sportmladih.net\/11-festival-sporta-mladih\/embed\/#?secret=htk0tRSCEk#?secret=1Fo1wS1lAJ\" data-secret=\"1Fo1wS1lAJ\" width=\"500\" height=\"282\" frameborder=\"0\" marginwidth=\"0\" marginheight=\"0\" scrolling=\"no\"><\/iframe>\n<\/div><\/figure>\n","protected":false},"excerpt":{"rendered":"<p>11. FESTIVAL \u0160PORTA MLADIH, 7. junij 2023, Slovenska Bistrica. Ob zaklju\u010dku \u0160olskih \u0161portnih tekmovanj in bli\u017eajo\u010dega se konca \u0161olskega leta je po nekaj letih premora ponovno potekal Festival \u0160porta mladih. Poleg finalnega tekmovanja v atletiki za osnovne \u0161ole se je ta dan Slovenska Bistrica spremenila v pravo \u0161portno mestece netekmovalnega zna\u010daja. Na zelenih povr\u0161inah pred [&hellip;]<\/p>\n","protected":false},"author":2,"featured_media":520,"comment_status":"open","ping_status":"open","sticky":false,"template":"","format":"standard","meta":{"_uag_custom_page_level_css":"","_swt_meta_header_display":false,"_swt_meta_footer_display":false,"_swt_meta_site_title_display":false,"_swt_meta_sticky_header":false,"_swt_meta_transparent_header":false,"footnotes":""},"categories":[7,1,9,20],"tags":[],"class_list":["post-519","post","type-post","status-publish","format-standard","has-post-thumbnail","hentry","category-dogodki","category-uncategorized","category-solske-sportne-animacije","category-vr-animacije"],"uagb_featured_image_src":{"full":["https:\/\/simmedia.eu\/wp-content\/uploads\/2023\/06\/thumbnail.png",500,500,false],"thumbnail":["https:\/\/simmedia.eu\/wp-content\/uploads\/2023\/06\/thumbnail-150x150.png",150,150,true],"medium":["https:\/\/simmedia.eu\/wp-content\/uploads\/2023\/06\/thumbnail-300x300.png",300,300,true],"medium_large":["https:\/\/simmedia.eu\/wp-content\/uploads\/2023\/06\/thumbnail.png",500,500,false],"large":["https:\/\/simmedia.eu\/wp-content\/uploads\/2023\/06\/thumbnail.png",500,500,false],"gs-tiny":["https:\/\/simmedia.eu\/wp-content\/uploads\/2023\/06\/thumbnail.png",50,50,false],"xl":["https:\/\/simmedia.eu\/wp-content\/uploads\/2023\/06\/thumbnail.png",500,500,false],"xxl":["https:\/\/simmedia.eu\/wp-content\/uploads\/2023\/06\/thumbnail.png",500,500,false],"xxxl":["https:\/\/simmedia.eu\/wp-content\/uploads\/2023\/06\/thumbnail.png",500,500,false],"xxxxl":["https:\/\/simmedia.eu\/wp-content\/uploads\/2023\/06\/thumbnail.png",500,500,false],"xxxxxl":["https:\/\/simmedia.eu\/wp-content\/uploads\/2023\/06\/thumbnail.png",500,500,false],"1536x1536":["https:\/\/simmedia.eu\/wp-content\/uploads\/2023\/06\/thumbnail.png",500,500,false],"2048x2048":["https:\/\/simmedia.eu\/wp-content\/uploads\/2023\/06\/thumbnail.png",500,500,false],"depicter-thumbnail":["https:\/\/simmedia.eu\/wp-content\/uploads\/2023\/06\/thumbnail.png",200,200,false]},"uagb_author_info":{"display_name":"Primoz Zorko","author_link":"https:\/\/simmedia.eu\/?author=2"},"uagb_comment_info":0,"uagb_excerpt":"11. FESTIVAL \u0160PORTA MLADIH, 7. junij 2023, Slovenska Bistrica. Ob zaklju\u010dku \u0160olskih \u0161portnih tekmovanj in bli\u017eajo\u010dega se konca \u0161olskega leta je po nekaj letih premora ponovno potekal Festival \u0160porta mladih. Poleg finalnega tekmovanja v atletiki za osnovne \u0161ole se je ta dan Slovenska Bistrica spremenila v pravo \u0161portno mestece netekmovalnega zna\u010daja. Na zelenih povr\u0161inah pred&hellip;","_links":{"self":[{"href":"https:\/\/simmedia.eu\/index.php?rest_route=\/wp\/v2\/posts\/519","targetHints":{"allow":["GET"]}}],"collection":[{"href":"https:\/\/simmedia.eu\/index.php?rest_route=\/wp\/v2\/posts"}],"about":[{"href":"https:\/\/simmedia.eu\/index.php?rest_route=\/wp\/v2\/types\/post"}],"author":[{"embeddable":true,"href":"https:\/\/simmedia.eu\/index.php?rest_route=\/wp\/v2\/users\/2"}],"replies":[{"embeddable":true,"href":"https:\/\/simmedia.eu\/index.php?rest_route=%2Fwp%2Fv2%2Fcomments&post=519"}],"version-history":[{"count":9,"href":"https:\/\/simmedia.eu\/index.php?rest_route=\/wp\/v2\/posts\/519\/revisions"}],"predecessor-version":[{"id":1682,"href":"https:\/\/simmedia.eu\/index.php?rest_route=\/wp\/v2\/posts\/519\/revisions\/1682"}],"wp:featuredmedia":[{"embeddable":true,"href":"https:\/\/simmedia.eu\/index.php?rest_route=\/wp\/v2\/media\/520"}],"wp:attachment":[{"href":"https:\/\/simmedia.eu\/index.php?rest_route=%2Fwp%2Fv2%2Fmedia&parent=519"}],"wp:term":[{"taxonomy":"category","embeddable":true,"href":"https:\/\/simmedia.eu\/index.php?rest_route=%2Fwp%2Fv2%2Fcategories&post=519"},{"taxonomy":"post_tag","embeddable":true,"href":"https:\/\/simmedia.eu\/index.php?rest_route=%2Fwp%2Fv2%2Ftags&post=519"}],"curies":[{"name":"wp","href":"https:\/\/api.w.org\/{rel}","templated":true}]}}